{"id":2096,"date":"2025-06-23T07:55:45","date_gmt":"2025-06-23T07:55:45","guid":{"rendered":"https:\/\/bhergonomic.com\/?p=2096"},"modified":"2026-08-18T07:15:08","modified_gmt":"2026-08-18T07:15:08","slug":"open-plan-office","status":"publish","type":"post","link":"https:\/\/bhergonomic.com\/fr\/open-plan-office\/","title":{"rendered":"Bureaux en open space : comment concilier concentration, intimit\u00e9 et collaboration"},"content":{"rendered":"<h2 class=\"wp-block-heading\">R\u00e9ponse rapide<\/h2>\n\n\n\n<p class=\"wp-block-paragraph\">Un bureau en open space fonctionne lorsque les postes de travail partag\u00e9s ne constituent qu\u2019une partie de l\u2019am\u00e9nagement. Commencez par prendre en compte l\u2019occupation maximale, la circulation, les contraintes du b\u00e2timent et les habitudes de travail r\u00e9elles. S\u00e9parer ensuite les \u00e9quipes calmes des \u00e9quipes dynamiques, contr\u00f4ler le bruit \u00e0 la source et pr\u00e9voir des espaces ferm\u00e9s adapt\u00e9s aux appels, au travail n\u00e9cessitant de la concentration et aux r\u00e9unions. Ne partez pas du style visuel ni du nombre maximal de bureaux possible. Un am\u00e9nagement efficace facilite les d\u00e9placements, offre \u00e0 chaque t\u00e2che un cadre adapt\u00e9 et laisse une marge de man\u0153uvre pour les changements op\u00e9rationnels.<\/p>\n\n\n\n<p class=\"wp-block-paragraph\">Derni\u00e8re mise \u00e0 jour : 14 ao\u00fbt 2026 | Auteur : Richard | Temps de lecture estim\u00e9 : 11 minutes<\/p>\n\n\n\n<figure class=\"wp-block-image aligncenter size-full\"><img fetchpriority=\"high\" decoding=\"async\" width=\"2528\" height=\"1696\" src=\"https:\/\/bhergonomic.com\/wp-content\/uploads\/2025\/06\/office-pod-in-opening-office.png\" alt=\"bureau debout dans un bureau paysager\" class=\"wp-image-6478\" srcset=\"https:\/\/bhergonomic.com\/wp-content\/uploads\/2025\/06\/office-pod-in-opening-office.png 2528w, https:\/\/bhergonomic.com\/wp-content\/uploads\/2025\/06\/office-pod-in-opening-office-600x403.png 600w, https:\/\/bhergonomic.com\/wp-content\/uploads\/2025\/06\/office-pod-in-opening-office-300x201.png 300w, https:\/\/bhergonomic.com\/wp-content\/uploads\/2025\/06\/office-pod-in-opening-office-1024x687.png 1024w, https:\/\/bhergonomic.com\/wp-content\/uploads\/2025\/06\/office-pod-in-opening-office-768x515.png 768w, https:\/\/bhergonomic.com\/wp-content\/uploads\/2025\/06\/office-pod-in-opening-office-1536x1030.png 1536w, https:\/\/bhergonomic.com\/wp-content\/uploads\/2025\/06\/office-pod-in-opening-office-2048x1374.png 2048w, https:\/\/bhergonomic.com\/wp-content\/uploads\/2025\/06\/office-pod-in-opening-office-18x12.png 18w\" sizes=\"(max-width: 2528px) 100vw, 2528px\" \/><\/figure>\n\n\n\n<h2 class=\"wp-block-heading\">Qu'est-ce qu'un bureau paysager ?<\/h2>\n\n\n\n<p class=\"wp-block-paragraph\">Un bureau en open space est un lieu de travail caract\u00e9ris\u00e9 par une surface commune, un nombre relativement restreint de bureaux individuels et des groupes de postes de travail dispos\u00e9s sans cloisons sur toute la hauteur entre chaque employ\u00e9. Les termes <em>bureau \u00e0 aire ouverte<\/em>, <em>bureau \u00e0 aire ouverte<\/em>et <em>bureau en open space<\/em> d\u00e9crivent g\u00e9n\u00e9ralement le m\u00eame mod\u00e8le g\u00e9n\u00e9ral.<\/p>\n\n\n\n<p class=\"wp-block-paragraph\">L'am\u00e9nagement ne doit pas n\u00e9cessairement se limiter \u00e0 un seul et m\u00eame espace. Un bureau ouvert fonctionnel associe des bureaux partag\u00e9s \u00e0 des zones calmes, des espaces d'appel isol\u00e9s, des salles de r\u00e9union de petite taille, des voies de circulation et des espaces de soutien. Sa caract\u00e9ristique principale r\u00e9side dans une combinaison d'espaces de travail ouverts, et non dans la suppression totale des cloisons.<\/p>\n\n\n\n<h2 class=\"wp-block-heading\">Avantages et inconv\u00e9nients des bureaux en open space<\/h2>\n\n\n\n<p class=\"wp-block-paragraph\">L'int\u00e9r\u00eat d'un am\u00e9nagement en espace ouvert d\u00e9pend de la mesure dans laquelle ses avantages correspondent au type de travail effectu\u00e9 et de la capacit\u00e9 de la conception \u00e0 pallier ses inconv\u00e9nients pr\u00e9visibles.<\/p>\n\n\n\n<figure class=\"wp-block-table\"><table class=\"has-fixed-layout\"><thead><tr><th>Avantage potentiel<\/th><th>Quand cela s'av\u00e8re utile<\/th><th>Condition d'\u00e9chec<\/th><\/tr><\/thead><tbody><tr><td>Acc\u00e8s rapide \u00e0 ses coll\u00e8gues<\/td><td>Les \u00e9quipes ont besoin de r\u00e9unions de coordination fr\u00e9quentes et courtes<\/td><td>Les conversations se transforment en un fond sonore continu<\/td><\/tr><tr><td>Am\u00e9nagement flexible des postes de travail<\/td><td>\u00c9volution des effectifs et des structures d'\u00e9quipe<\/td><td>Le mobilier change de place, mais l'alimentation \u00e9lectrique, la ventilation et la circulation ne s'adaptent pas<\/td><\/tr><tr><td>Utilisation efficace de la surface au sol commune<\/td><td>Le taux d'occupation est mesur\u00e9 aux heures de pointe r\u00e9elles<\/td><td>Les bureaux sont emball\u00e9s avant le d\u00e9m\u00e9nagement et un espace de stockage est r\u00e9serv\u00e9<\/td><\/tr><tr><td>Visibilit\u00e9 partag\u00e9e<\/td><td>Les responsables et les \u00e9quipes tirent profit de cette prise de conscience<\/td><td>Les mouvements visuels perturbent les t\u00e2ches qui exigent une attention soutenue<\/td><\/tr><tr><td>Moins de salles permanentes<\/td><td>L'entreprise a besoin d'espaces polyvalents<\/td><td>Les appels priv\u00e9s, le travail en toute tranquillit\u00e9 et les petites r\u00e9unions n'ont nulle part o\u00f9 aller<\/td><\/tr><\/tbody><\/table><\/figure>\n\n\n\n<p class=\"wp-block-paragraph\">Un bureau en open space est une solution particuli\u00e8rement adapt\u00e9e lorsque la plupart des employ\u00e9s ont besoin d\u2019une coordination r\u00e9guli\u00e8re, que les t\u00e2ches confidentielles sont peu nombreuses ou peuvent \u00eatre effectu\u00e9es dans des espaces ferm\u00e9s, et que, m\u00eame aux heures de pointe, l\u2019espace disponible est suffisant pour permettre la circulation et le bon fonctionnement des services de soutien. En revanche, cette solution est peu adapt\u00e9e lorsque la plupart des t\u00e2ches exigent une concentration soutenue, des conversations confidentielles fr\u00e9quentes ou un contr\u00f4le individuel permanent sur l\u2019environnement de travail.<\/p>\n\n\n\n<p class=\"wp-block-paragraph\">L'ouverture ne doit pas \u00eatre consid\u00e9r\u00e9e comme une preuve de collaboration. Une \u00e9tude de terrain men\u00e9e par Bernstein et Turban a port\u00e9 sur deux r\u00e9am\u00e9nagements de bureaux d\u2019entreprises du classement Fortune 500 et a r\u00e9v\u00e9l\u00e9 que, dans les deux cas, les interactions en face \u00e0 face avaient diminu\u00e9 tandis que les interactions \u00e9lectroniques avaient augment\u00e9. Ce constat s\u2019applique aux deux r\u00e9am\u00e9nagements observ\u00e9s, mais il constitue un avertissement utile : la suppression des barri\u00e8res physiques n\u2019entra\u00eene pas automatiquement une collaboration en pr\u00e9sentiel accrue (<a href=\"https:\/\/doi.org\/10.1098\/rstb.2017.0239\" rel=\"noopener\">\u00e9tude<\/a>).<\/p>\n\n\n\n<h2 class=\"wp-block-heading\">Pourquoi les bureaux en open space ne fonctionnent pas<\/h2>\n\n\n\n<p class=\"wp-block-paragraph\">Dans la pratique de la planification \u2019 B&amp;H Ergonomics \u00bb, les probl\u00e8mes les plus r\u00e9currents sont li\u00e9s \u00e0 l'ordre des op\u00e9rations. Les \u00e9quipes valident un agencement ou un nombre de postes de travail avant de d\u00e9terminer les d\u00e9placements, les contraintes li\u00e9es aux locaux et les t\u00e2ches n\u00e9cessitant une s\u00e9paration acoustique ou visuelle.<\/p>\n\n\n\n<h3 class=\"wp-block-heading\">Le style prime sur la capacit\u00e9 et le flux de travail<\/h3>\n\n\n\n<p class=\"wp-block-paragraph\">Un concept peut para\u00eetre spacieux sur un rendu, mais s'av\u00e9rer inadapt\u00e9 en cas de forte affluence. Les grandes tables communes, les cloisons d\u00e9coratives et les espaces de r\u00e9union vitr\u00e9s occupent la surface utile diff\u00e9remment des blocs repr\u00e9sent\u00e9s sur un plan pr\u00e9liminaire.<\/p>\n\n\n\n<p class=\"wp-block-paragraph\">V\u00e9rifiez la capacit\u00e9 d'accueil maximale, l'encombrement des postes de travail, la disposition des chaises, les espaces de rangement, les \u00e9quipements auxiliaires et les voies de circulation avant de choisir un style visuel. Le style doit venir affiner un plan r\u00e9alisable, et non d\u00e9terminer si ce plan est viable.<\/p>\n\n\n\n<h3 class=\"wp-block-heading\">L'espace de circulation est r\u00e9duit pour permettre l'installation de bureaux suppl\u00e9mentaires<\/h3>\n\n\n\n<p class=\"wp-block-paragraph\">L'encombrement d'un bureau ne correspond pas \u00e0 l'espace r\u00e9ellement utilis\u00e9 par une personne. Les chaises sont repouss\u00e9es, les gens s'arr\u00eatent pour discuter, les portes des armoires s'ouvrent, et la circulation dans les deux sens n\u00e9cessite de l'espace pour permettre le passage. Lorsque ces zones de circulation ne sont pas prises en compte, les employ\u00e9s se heurtent derri\u00e8re les postes de travail et les passages se retrouvent obstru\u00e9s.<\/p>\n\n\n\n<p class=\"wp-block-paragraph\">Il ne faut pas appliquer une dimension de couloir unique \u00e0 tous les projets. Les d\u00e9gagements requis d\u00e9pendent du trac\u00e9, de l'affectation des locaux, de la juridiction comp\u00e9tente et des r\u00e8gles en vigueur. Pour les projets aux \u00c9tats-Unis, les voies d'accessibilit\u00e9 doivent \u00eatre \u00e9valu\u00e9es au regard des <a href=\"https:\/\/www.ada.gov\/law-and-regs\/design-standards\/2010-stds\/\" rel=\"noopener\">Normes ADA 2010 pour la conception accessible<\/a>, tandis que l'architecte du projet ou le consultant en r\u00e9glementation v\u00e9rifie la conformit\u00e9 aux exigences locales en mati\u00e8re d'\u00e9vacuation et de s\u00e9curit\u00e9 incendie.<\/p>\n\n\n\n<h3 class=\"wp-block-heading\">Les \u00e9quipes dynamiques et les \u00e9quipes calmes sont m\u00e9lang\u00e9es<\/h3>\n\n\n\n<p class=\"wp-block-paragraph\">Les \u00e9quipes commerciales, du service client, du recrutement et des projets peuvent \u00eatre \u00e0 l'origine d'appels fr\u00e9quents et de br\u00e8ves discussions. Les postes li\u00e9s \u00e0 la finance, \u00e0 l'ing\u00e9nierie, \u00e0 la r\u00e9daction et \u00e0 l'analyse peuvent n\u00e9cessiter de longues p\u00e9riodes sans interruption verbale. Alterner ces \u00e9quipes poste par poste permet aux deux groupes de s'adapter \u00e0 la configuration des lieux.<\/p>\n\n\n\n<p class=\"wp-block-paragraph\">Regroupez les \u00e9quipes en fonction de leur mode de travail dominant, puis placez les espaces ferm\u00e9s communs entre les zones incompatibles. L'objectif n'est pas de qualifier une \u00e9quipe de \u00ab bruyante \u00bb, mais d'emp\u00eacher qu'un mode de travail ne devienne le bruit de fond d'une autre \u00e9quipe.<\/p>\n\n\n\n<h3 class=\"wp-block-heading\">Le contr\u00f4le acoustique est mis en place trop tard<\/h3>\n\n\n\n<p class=\"wp-block-paragraph\">Un am\u00e9nagement enti\u00e8rement ouvert, comportant de grandes surfaces vitr\u00e9es et peu de surfaces absorbantes, ne permet gu\u00e8re de confiner la parole. Une fois l'espace am\u00e9nag\u00e9, l'ajout de cloisons peut r\u00e9duire une partie du son r\u00e9fl\u00e9chi, mais ne permet pas de r\u00e9cup\u00e9rer de l'espace de circulation ni de cr\u00e9er une s\u00e9paration qui n'avait jamais \u00e9t\u00e9 pr\u00e9vue.<\/p>\n\n\n\n<p class=\"wp-block-paragraph\">Abordez l\u2019acoustique comme un plan en plusieurs \u00e9tapes : r\u00e9duisez les bruits superflus \u00e0 la source, absorbez les sons r\u00e9fl\u00e9chis, cr\u00e9ez une distance entre les activit\u00e9s incompatibles et isolez les t\u00e2ches n\u00e9cessitant la confidentialit\u00e9 des conversations. Pour une s\u00e9quence d\u2019intervention plus d\u00e9taill\u00e9e, consultez la section \u00ab Comment \u00bb <a href=\"https:\/\/bhergonomic.com\/fr\/reduire-le-bruit-des-bureaux-ouverts\/\">r\u00e9duire le bruit des bureaux ouverts<\/a>.<\/p>\n\n\n\n<h3 class=\"wp-block-heading\">Les contraintes li\u00e9es au b\u00e2timent sont consid\u00e9r\u00e9es comme une surface au sol non occup\u00e9e<\/h3>\n\n\n\n<p class=\"wp-block-paragraph\">Les colonnes, les trav\u00e9es structurelles, le sens d'ouverture des portes, les fen\u00eatres, les bouches d\u2019a\u00e9ration, les retours, les sprinklers, l\u2019acc\u00e8s \u00e0 l\u2019alimentation \u00e9lectrique et l\u2019\u00e9tat des plafonds ont tous une incidence sur l\u2019emplacement des personnes et des espaces de travail. Imposer une disposition uniforme des postes de travail malgr\u00e9 ces contraintes entra\u00eene l\u2019apparition d\u2019espaces inutilis\u00e9s dans certaines zones et un encombrement dans d\u2019autres.<\/p>\n\n\n\n<p class=\"wp-block-paragraph\">Commencez par cartographier les contraintes fixes. Une colonne peut contribuer \u00e0 d\u00e9finir le p\u00e9rim\u00e8tre d'une zone, mais elle ne doit pas \u00eatre masqu\u00e9e \u00e0 l'int\u00e9rieur d'un axe de circulation ni \u00eatre ignor\u00e9e jusqu'\u00e0 la mise en \u0153uvre.<\/p>\n\n\n\n<h2 class=\"wp-block-heading\">Planificateur d'espaces de bureaux en open space<\/h2>\n\n\n\n<p class=\"wp-block-paragraph\">R\u00e9partissez l'espace au sol par type de comportement avant d'attribuer les produits. Le tableau ci-dessous constitue un point de d\u00e9part pour la planification, mais ne remplace pas un plan \u00e9tabli sur la base de mesures concr\u00e8tes.<\/p>\n\n\n\n<figure class=\"wp-block-table\"><table class=\"has-fixed-layout\"><thead><tr><th>Rythme de travail<\/th><th>Meilleure zone de base<\/th><th>\u00c0 proximit\u00e9 de<\/th><th>Ind\u00e9pendamment de<\/th><th>Contr\u00f4le primaire<\/th><\/tr><\/thead><tbody><tr><td>Travail individuel courant<\/td><td>Zone de postes de travail partag\u00e9s<\/td><td>Stockage par \u00e9quipe et circulation normale<\/td><td>Espaces communs tr\u00e8s fr\u00e9quent\u00e9s<\/td><td>Circulation locale fluide et obstruction visuelle mod\u00e9r\u00e9e<\/td><\/tr><tr><td>Travail n\u00e9cessitant une concentration soutenue<\/td><td>Quartier calme ou environnement prot\u00e9g\u00e9 propice \u00e0 la concentration<\/td><td>L'\u00e9quipe d'origine de l'employ\u00e9<\/td><td>Visites commerciales, espaces de restauration, imprimantes et lieux de rencontre informels<\/td><td>Distance, r\u00e8gles de comportement et s\u00e9paration acoustique<\/td><\/tr><tr><td>Appels fr\u00e9quents en solo<\/td><td>Zone d'appel avec cabines individuelles<\/td><td>\u00c9quipes traitant un volume \u00e9lev\u00e9 d'appels<\/td><td>Quartiers calmes<\/td><td>Confinement des paroles et acc\u00e8s pratique<\/td><\/tr><tr><td>Collaboration pr\u00e9vue<\/td><td>Zone de projet ou de collaboration<\/td><td>Outils partag\u00e9s, espaces d'affichage et \u00e9quipes concern\u00e9es<\/td><td>Travail exigeant en termes de concentration<\/td><td>Des limites bien d\u00e9finies et un espace r\u00e9servable<\/td><\/tr><tr><td>R\u00e9unions en petits groupes<\/td><td>Salle de r\u00e9union ou module de r\u00e9union ferm\u00e9(e)<\/td><td>Circulation principale sans l'entraver<\/td><td>Postes de travail individuels<\/td><td>S\u00e9paration acoustique, disposition ad\u00e9quate des si\u00e8ges et ventilation<\/td><\/tr><tr><td>Activit\u00e9s sociales et d'accompagnement<\/td><td>Garde-manger, salle d'impression, zone de d\u00e9tente ou espace informel<\/td><td>Entr\u00e9es ou espaces communs<\/td><td>Concentration et confidentialit\u00e9 dans le travail<\/td><td>Gestion et absorption du trafic<\/td><\/tr><tr><td>D\u00e9placement \u00e0 travers le sol<\/td><td>R\u00e9seau \u00e0 circulation continue<\/td><td>Portes, sorties, \u00e9quipements et toutes les zones occup\u00e9es<\/td><td>Mobilier, zones d'attente et probl\u00e8mes li\u00e9s aux portes<\/td><td>Itin\u00e9raires d\u00e9gag\u00e9s valid\u00e9s avant la disposition du mobilier<\/td><\/tr><\/tbody><\/table><\/figure>\n\n\n\n<p class=\"wp-block-paragraph\">Suivez ce plan dans l'ordre indiqu\u00e9 :<\/p>\n\n\n\n<ol class=\"wp-block-list\">\n<li>Indiquer les contraintes li\u00e9es aux ouvrages fixes et les itin\u00e9raires r\u00e9glement\u00e9s.<\/li>\n\n\n\n<li>Pr\u00e9voir des zones de circulation et de man\u0153uvre des portes.<\/li>\n\n\n\n<li>Repr\u00e9sentez graphiquement l'occupation maximale et l'empreinte au sol totale du mobilier en cours d'utilisation.<\/li>\n\n\n\n<li>Regroupez les \u00e9quipes en fonction de la fr\u00e9quence des appels, des modes de collaboration, du niveau de confidentialit\u00e9 et des exigences en mati\u00e8re de concentration.<\/li>\n\n\n\n<li>Am\u00e9nagez les espaces d'aide partag\u00e9e et les environnements ferm\u00e9s de mani\u00e8re \u00e0 ce que les utilisateurs concern\u00e9s puissent y acc\u00e9der sans traverser les zones de silence.<\/li>\n\n\n\n<li>V\u00e9rifier, avec les sp\u00e9cialistes charg\u00e9s du projet, les aspects relatifs \u00e0 l'alimentation \u00e9lectrique, aux donn\u00e9es, \u00e0 la ventilation, \u00e0 l'\u00e9clairage, \u00e0 la coordination des syst\u00e8mes d'extinction automatique, \u00e0 l'accessibilit\u00e9 et aux voies d'acc\u00e8s pour l'installation.<\/li>\n<\/ol>\n\n\n\n<h2 class=\"wp-block-heading\">Cabine t\u00e9l\u00e9phonique, Focus Pod ou Meeting Pod ?<\/h2>\n\n\n\n<p class=\"wp-block-paragraph\">Choisissez un environnement ferm\u00e9 en vous posant trois questions : combien de personnes l'utiliseront, quelles sont les exigences de la t\u00e2che principale et quelle est la dur\u00e9e d'une session normale ? Les descriptions de produit ne suffisent pas \u00e0 elles seules \u00e0 r\u00e9pondre \u00e0 ces questions.<\/p>\n\n\n\n<figure class=\"wp-block-table\"><table class=\"has-fixed-layout\"><thead><tr><th>Type d'espace<\/th><th class=\"has-text-align-right\" data-align=\"right\">Utilisateurs<\/th><th>T\u00e2che principale<\/th><th>Besoin d'intimit\u00e9 et d'espace<\/th><th>Dur\u00e9e d'utilisation pr\u00e9vue<\/th><th>Mauvais ajustement lorsque<\/th><\/tr><\/thead><tbody><tr><td>Cabine t\u00e9l\u00e9phonique<\/td><td class=\"has-text-align-right\" data-align=\"right\">1<\/td><td>Appel t\u00e9l\u00e9phonique ou visioconf\u00e9rence<\/td><td>Excellente s\u00e9paration de la parole dans un format compact<\/td><td>Des s\u00e9ances plus courtes<\/td><td>L'utilisateur a besoin d'un grand bureau, d'un \u00e9cran de grande taille ou d'un espace qu'il occupera toute la journ\u00e9e<\/td><\/tr><tr><td>Module \u00ab Focus \u00bb<\/td><td class=\"has-text-align-right\" data-align=\"right\">1<\/td><td>Un travail individuel intensif ou une s\u00e9ance vid\u00e9o plus longue<\/td><td>Intimit\u00e9 visuelle, plan de travail, posture ergonomique et isolation acoustique<\/td><td>Des s\u00e9ances individuelles plus longues<\/td><td>Cette t\u00e2che n\u00e9cessite un acc\u00e8s fr\u00e9quent de l'\u00e9quipe, ou bien l'am\u00e9nagement int\u00e9rieur ne permet pas de respecter la dur\u00e9e de travail pr\u00e9vue.<\/td><\/tr><tr><td>Module de r\u00e9union<\/td><td class=\"has-text-align-right\" data-align=\"right\">2 ou plus<\/td><td>R\u00e9union de discussion, d'entretien, d'\u00e9valuation ou hybride<\/td><td>Disposition des si\u00e8ges par groupes, visibilit\u00e9 commune, s\u00e9paration acoustique et circulation d'air suffisante<\/td><td>S\u00e9ances de groupe programm\u00e9es<\/td><td>La fr\u00e9quentation, la disposition des si\u00e8ges, la ventilation ou les \u00e9quipements technologiques ne sont pas adapt\u00e9s au type de r\u00e9union<\/td><\/tr><tr><td>Pi\u00e8ce ferm\u00e9e<\/td><td class=\"has-text-align-right\" data-align=\"right\">1 ou plus<\/td><td>Travaux r\u00e9p\u00e9t\u00e9s, de longue dur\u00e9e, exigeants ou sp\u00e9cialis\u00e9s<\/td><td>Un meilleur contr\u00f4le sur l'am\u00e9nagement et les installations techniques du b\u00e2timent<\/td><td>S\u00e9jour prolong\u00e9 ou r\u00e9current<\/td><td>L'entreprise a besoin d'un am\u00e9nagement modulable et ne peut pas se permettre de r\u00e9aliser des travaux permanents.<\/td><\/tr><\/tbody><\/table><\/figure>\n\n\n\n<p class=\"wp-block-paragraph\">Choisissez l'espace le plus petit possible qui permette d'accueillir le nombre r\u00e9el d'occupants et de r\u00e9aliser les t\u00e2ches pr\u00e9vues sans compromettre le confort. Une personne qui passe un appel n'a pas besoin d'un espace collectif, tandis qu'un utilisateur qui a besoin de concentration ne devrait pas passer de longues sessions de travail dans une cabine con\u00e7ue uniquement pour de brefs appels. La capacit\u00e9 d'accueil des salles de r\u00e9union doit refl\u00e9ter la fr\u00e9quentation habituelle, et non la plus grande r\u00e9union qui a lieu une fois par trimestre.<\/p>\n\n\n\n<p class=\"wp-block-paragraph\">Une fois que les param\u00e8tres de travail manquants ont \u00e9t\u00e9 clarifi\u00e9s, comparez <a href=\"https:\/\/bhergonomic.com\/fr\/office-pods\/\">bureaux en kit<\/a> en fonction de l'occupation, des t\u00e2ches \u00e0 effectuer, de l'am\u00e9nagement int\u00e9rieur, de la ventilation et de l'espace disponible pour l'installation. Le choix des produits doit respecter le plan de zonage.<\/p>\n\n\n\n<h2 class=\"wp-block-heading\">Comment am\u00e9nager des espaces priv\u00e9s sans nuire \u00e0 la circulation<\/h2>\n\n\n\n<p class=\"wp-block-paragraph\">Une enceinte ne r\u00e9sout un probl\u00e8me que si elle n'en cr\u00e9e pas un autre. V\u00e9rifiez son emplacement en tenant compte de l'acc\u00e8s de l'utilisateur, des postes de travail environnants et des installations techniques situ\u00e9es au-dessus et en dessous du plan.<\/p>\n\n\n\n<h3 class=\"wp-block-heading\">Pr\u00e9server toute l'amplitude de mouvement<\/h3>\n\n\n\n<p class=\"wp-block-paragraph\">Dessinez le corps de l'enceinte, le sens d'ouverture de la porte, l'acc\u00e8s \u00e0 l'entr\u00e9e, l'espace libre n\u00e9cessaire pour reculer une chaise \u00e0 proximit\u00e9 et la circulation pi\u00e9tonne. M\u00eame une enceinte de forme rectangulaire peut obstruer le passage lorsque sa porte est ouverte ou qu'une personne attend \u00e0 l'ext\u00e9rieur.<\/p>\n\n\n\n<h3 class=\"wp-block-heading\">Veillez \u00e0 ce que les espaces tr\u00e8s fr\u00e9quent\u00e9s restent proches de leurs utilisateurs<\/h3>\n\n\n\n<p class=\"wp-block-paragraph\">Les espaces d\u00e9di\u00e9s aux appels doivent \u00eatre pratiques pour les \u00e9quipes qui les utilisent r\u00e9guli\u00e8rement. Si le trajet est trop long, les employ\u00e9s continueront \u00e0 prendre leurs appels depuis leur bureau. La commodit\u00e9 fait partie int\u00e9grante de la gestion acoustique.<\/p>\n\n\n\n<h3 class=\"wp-block-heading\">Utilisez les enceintes comme d\u00e9limitations, et non comme des barri\u00e8res<\/h3>\n\n\n\n<p class=\"wp-block-paragraph\">Une cloison peut s\u00e9parer une zone active d'un espace plus calme, mais son entr\u00e9e ne doit pas donner directement sur une zone de travail intense ni d\u00e9boucher sur une all\u00e9e \u00e9troite. Orientez les portes et les surfaces vitr\u00e9es en fonction de la circulation r\u00e9elle et des besoins en mati\u00e8re d'intimit\u00e9.<\/p>\n\n\n\n<h3 class=\"wp-block-heading\">Coordonner les services de construction avant l'approbation<\/h3>\n\n\n\n<p class=\"wp-block-paragraph\">V\u00e9rifiez la hauteur sous plafond, l'\u00e9clairage, l'alimentation \u00e9lectrique, les raccordements r\u00e9seau, la ventilation, les bouches de reprise d'air, les sprinklers, le niveau du sol et les voies d'acc\u00e8s pour la livraison. L'empreinte au sol d'un produit ne constitue pas \u00e0 elle seule un plan d'installation, et l'examen par les autorit\u00e9s locales peut avoir une incidence sur l'emplacement final.<\/p>\n\n\n\n<h3 class=\"wp-block-heading\">Tester la mise en page en p\u00e9riode de forte affluence<\/h3>\n\n\n\n<p class=\"wp-block-paragraph\">Simulez les si\u00e8ges occup\u00e9s, les appels simultan\u00e9s, les changements de r\u00e9union, les livraisons, le nettoyage et l'acc\u00e8s aux \u00e9quipements partag\u00e9s. Un plan qui ne fonctionne que lorsque tous les si\u00e8ges sont rang\u00e9s n'est pas pr\u00eat \u00e0 \u00eatre valid\u00e9.<\/p>\n\n\n\n<h2 class=\"wp-block-heading\">Ce que les \u00ab Office Pods \u00bb peuvent et ne peuvent pas r\u00e9soudre<\/h2>\n\n\n\n<p class=\"wp-block-paragraph\">Les modules de bureau sont utiles lorsque l'\u00e9tage ne dispose pas d'espaces ferm\u00e9s, mais ils ne r\u00e9solvent pas tous les probl\u00e8mes li\u00e9s aux bureaux en open space.<\/p>\n\n\n\n<figure class=\"wp-block-table\"><table class=\"has-fixed-layout\"><thead><tr><th>Probl\u00e8me<\/th><th>Par quoi commencer ?<\/th><th>Est-ce qu'un pod peut aider ?<\/th><th>Limite<\/th><\/tr><\/thead><tbody><tr><td>Les appels se multiplient dans la salle<\/td><td>\u00c9loigner les appels t\u00e9l\u00e9phoniques des zones de travail calmes et r\u00e9duire le bruit des conversations \u00e0 la source<\/td><td>Oui, en attribuant aux appels une destination pr\u00e9cise<\/td><td>Cela ne permettra pas de corriger les sons r\u00e9fl\u00e9chis dans le reste de la pi\u00e8ce<\/td><\/tr><tr><td>Les employ\u00e9s ne parviennent pas \u00e0 trouver un espace propice \u00e0 la concentration<\/td><td>D\u00e9finir la demande, les r\u00e8gles d'acc\u00e8s et l'emplacement<\/td><td>Yes, with a suitable one-person focus setting<\/td><td>It will not make an overcrowded desk neighborhood quiet<\/td><\/tr><tr><td>Small meetings occupy desk aisles<\/td><td>Provide a reservable group setting near the relevant teams<\/td><td>Yes, when capacity and technology match normal meetings<\/td><td>It will not replace larger conference or specialist rooms<\/td><\/tr><tr><td>Main routes are too narrow<\/td><td>Reduce, resize, or reorient furniture and restore circulation<\/td><td>Non<\/td><td>Adding another enclosure increases the conflict<\/td><\/tr><tr><td>The office is hot or poorly ventilated<\/td><td>Review the base-building system and occupied heat loads<\/td><td>Only as part of a coordinated plan<\/td><td>A pod does not repair the room&#8217;s HVAC design<\/td><\/tr><tr><td>Too many people share the floor<\/td><td>Revisit peak occupancy, attendance patterns, and workstation count<\/td><td>Non<\/td><td>Privacy products cannot compensate for excessive density<\/td><\/tr><tr><td>Confidential work dominates the day<\/td><td>Reassess the overall open-office model<\/td><td>Parfois<\/td><td>Permanent rooms or a different workplace mix may be more appropriate<\/td><\/tr><\/tbody><\/table><\/figure>\n\n\n\n<p class=\"wp-block-paragraph\">The practical sequence is to correct planning failures first, then use enclosed settings to fill specific gaps. Buying several units without a demand map can produce the same mismatch as adding more meeting rooms without knowing who needs them.<\/p>\n\n\n\n<h2 class=\"wp-block-heading\">Open Plan Office Layout Checklist<\/h2>\n\n\n\n<h3 class=\"wp-block-heading\">Before Drawing the Layout<\/h3>\n\n\n\n<ul class=\"wp-block-list\">\n<li>Record peak on-site headcount by team and day, not just total payroll headcount.<\/li>\n\n\n\n<li>Count simultaneous solo calls, focused work sessions, and small meetings during busy periods.<\/li>\n\n\n\n<li>Identify roles with confidentiality, sustained concentration, or specialist equipment requirements.<\/li>\n\n\n\n<li>Obtain an accurate plan showing columns, doors, windows, building services, and level changes.<\/li>\n\n\n\n<li>Confirm which professionals are responsible for accessibility, egress, fire, electrical, ventilation, and installation review.<\/li>\n<\/ul>\n\n\n\n<h3 class=\"wp-block-heading\">Before Fixing the Workstation Count<\/h3>\n\n\n\n<ul class=\"wp-block-list\">\n<li>Reserve primary and secondary circulation before filling desk rows.<\/li>\n\n\n\n<li>Draw chairs, storage, door swings, and waiting space in their in-use positions.<\/li>\n\n\n\n<li>Separate high-call and high-collaboration teams from concentration-heavy teams.<\/li>\n\n\n\n<li>Place printers, pantry points, and informal meeting areas outside quiet neighborhoods.<\/li>\n\n\n\n<li>Test the plan at peak occupancy and during common movement events.<\/li>\n<\/ul>\n\n\n\n<h3 class=\"wp-block-heading\">Before Selecting Enclosed Spaces<\/h3>\n\n\n\n<ul class=\"wp-block-list\">\n<li>Match each space to user count, primary task, privacy requirement, and expected duration.<\/li>\n\n\n\n<li>Confirm interior work surface, seating, power, data, lighting, and video-call needs.<\/li>\n\n\n\n<li>Check ventilation and intended occupancy with the supplier and project team.<\/li>\n\n\n\n<li>Confirm door orientation, approach space, delivery route, and installation access.<\/li>\n\n\n\n<li>Avoid using a pod to conceal an unresolved density, circulation, or base-building problem.<\/li>\n<\/ul>\n\n\n\n<h3 class=\"wp-block-heading\">Before Final Approval<\/h3>\n\n\n\n<ul class=\"wp-block-list\">\n<li>Walk through the layout with representatives from both active and quiet teams.<\/li>\n\n\n\n<li>Verify that every recurring task has a suitable destination.<\/li>\n\n\n\n<li>Review the measured plan with the responsible design, facility, and code professionals.<\/li>\n\n\n\n<li>Check that the layout can accommodate realistic team or attendance changes.<\/li>\n\n\n\n<li>Record the assumptions behind headcount, room demand, and product quantities so they can be reviewed after occupancy.<\/li>\n<\/ul>\n\n\n\n<p class=\"wp-block-paragraph\">An open plan office is ready for approval when movement works at peak use, incompatible activities are separated, and every recurring task has an appropriate setting. If those conditions are unresolved, changing finishes or adding more desks will not complete the plan.<\/p>\n\n\n\n<h2 class=\"wp-block-heading\">FAQ<\/h2>\n\n\n<div id=\"rank-math-faq\" class=\"rank-math-block\">\n<div class=\"rank-math-list\">\n<div id=\"faq-question-1786685032552\" class=\"rank-math-list-item\">\n<h3 class=\"rank-math-question\">Quel doit \u00eatre l'espace \u00e0 respecter entre les postes de travail dans un bureau en open space ?<\/h3>\n<div class=\"rank-math-answer\">\n\n<p>Il n'existe pas de distance standard entre les postes de travail qui s'applique \u00e0 tous les bureaux en open space. L'am\u00e9nagement doit tenir compte du bureau, de la position de la chaise occup\u00e9e, de l'espace n\u00e9cessaire pour reculer la chaise, de l'acc\u00e8s aux espaces de rangement, de la circulation des personnes et du fonctionnement des portes \u00e0 proximit\u00e9. L'\u00e9quipe charg\u00e9e du projet doit \u00e9galement v\u00e9rifier les exigences en mati\u00e8re d'accessibilit\u00e9, d'\u00e9vacuation et de s\u00e9curit\u00e9 incendie applicables au site et au type de parcours.<\/p>\n\n<\/div>\n<\/div>\n<div id=\"faq-question-1786685037133\" class=\"rank-math-list-item\">\n<h3 class=\"rank-math-question\">De combien de cabines t\u00e9l\u00e9phoniques ou de modules de bureau un espace de travail ouvert a-t-il besoin ?<\/h3>\n<div class=\"rank-math-answer\">\n\n<p>Basez-vous sur la demande simultan\u00e9e maximale plut\u00f4t que sur l'effectif total des employ\u00e9s. Recensez le nombre d'appels priv\u00e9s, de s\u00e9ances de travail en concentration et de petites r\u00e9unions qui ont lieu simultan\u00e9ment, puis comparez cette demande \u00e0 la disponibilit\u00e9 actuelle des salles et aux files d'attente observ\u00e9es. Cette r\u00e9partition doit \u00eatre r\u00e9\u00e9valu\u00e9e apr\u00e8s la mise en service, car les habitudes de fr\u00e9quentation et les comportements en mati\u00e8re de r\u00e9servation peuvent \u00e9voluer. Une m\u00e9thode plus d\u00e9taill\u00e9e est disponible dans ce guide consacr\u00e9 \u00e0 <a href=\"https:\/\/bhergonomic.com\/fr\/commercial-office-space-planning-with-office-pods\/\">am\u00e9nagement d'espaces de bureaux commerciaux avec des modules de bureaux<\/a>.<\/p>\n\n<\/div>\n<\/div>\n<div id=\"faq-question-1786685041636\" class=\"rank-math-list-item\">\n<h3 class=\"rank-math-question\">Les panneaux acoustiques peuvent-ils rem\u00e9dier au bruit dans un bureau en open space ?<\/h3>\n<div class=\"rank-math-answer\">\n\n<p>Les panneaux acoustiques permettent de r\u00e9duire les sons r\u00e9fl\u00e9chis, mais ils ne garantissent pas la confidentialit\u00e9 des conversations et ne rem\u00e9dient pas \u00e0 un mauvais agencement de l'espace, \u00e0 une densit\u00e9 excessive ou aux appels t\u00e9l\u00e9phoniques pass\u00e9s \u00e0 proximit\u00e9 des postes de travail n\u00e9cessitant de la concentration. Pour les t\u00e2ches qui exigent une isolation, il convient d'associer l'absorption acoustique \u00e0 d'autres mesures telles que le contr\u00f4le \u00e0 la source, la distance, les r\u00e8gles de comportement et les espaces ferm\u00e9s.<\/p>\n\n<\/div>\n<\/div>\n<div id=\"faq-question-1786685047627\" class=\"rank-math-list-item\">\n<h3 class=\"rank-math-question\">Les bureaux en open space sont-ils adapt\u00e9s aux t\u00e2ches n\u00e9cessitant la confidentialit\u00e9 ?<\/h3>\n<div class=\"rank-math-answer\">\n\n<p>Ces espaces peuvent permettre de mener occasionnellement des t\u00e2ches confidentielles lorsque les employ\u00e9s disposent d\u2019un acc\u00e8s ais\u00e9 \u00e0 des espaces ferm\u00e9s et g\u00e9r\u00e9s de mani\u00e8re appropri\u00e9e. Si les appels confidentiels, les dossiers sensibles ou les discussions priv\u00e9es occupent une grande partie de la journ\u00e9e de travail, un am\u00e9nagement mixte comprenant davantage de salles ferm\u00e9es permanentes est g\u00e9n\u00e9ralement plus adapt\u00e9 qu\u2019un espace ouvert \u00e0 pr\u00e9dominance.<\/p>\n\n<\/div>\n<\/div>\n<\/div>\n<\/div>","protected":false},"excerpt":{"rendered":"<p>Quick Answer An open plan office works when shared workstations are only one part of the layout. Start with peak occupancy, circulation, building constraints, and actual work patterns. Then separate quiet and active teams, control speech at its source, and add suitable enclosed spaces for calls, focused work, and meetings. Do not begin with visual [&hellip;]<\/p>\n","protected":false},"author":1,"featured_media":6478,"comment_status":"closed","ping_status":"open","sticky":false,"template":"","format":"standard","meta":{"site-sidebar-layout":"default","site-content-layout":"","ast-site-content-layout":"default","site-content-style":"default","site-sidebar-style":"default","ast-global-header-display":"","ast-banner-title-visibility":"","ast-main-header-display":"","ast-hfb-above-header-display":"","ast-hfb-below-header-display":"","ast-hfb-mobile-header-display":"","site-post-title":"","ast-breadcrumbs-content":"","ast-featured-img":"disabled","footer-sml-layout":"","ast-disable-related-posts":"","theme-transparent-header-meta":"","adv-header-id-meta":"","stick-header-meta":"","header-above-stick-meta":"","header-main-stick-meta":"","header-below-stick-meta":"","astra-migrate-meta-layouts":"set","ast-page-background-enabled":"default","ast-page-background-meta":{"desktop":{"background-color":"","background-image":"","background-repeat":"repeat","background-position":"center center","background-size":"auto","background-attachment":"scroll","background-type":"","background-media":"","overlay-type":"","overlay-color":"","overlay-opacity":"","overlay-gradient":""},"tablet":{"background-color":"","background-image":"","background-repeat":"repeat","background-position":"center center","background-size":"auto","background-attachment":"scroll","background-type":"","background-media":"","overlay-type":"","overlay-color":"","overlay-opacity":"","overlay-gradient":""},"mobile":{"background-color":"","background-image":"","background-repeat":"repeat","background-position":"center center","background-size":"auto","background-attachment":"scroll","background-type":"","background-media":"","overlay-type":"","overlay-color":"","overlay-opacity":"","overlay-gradient":""}},"ast-content-background-meta":{"desktop":{"background-color":"var(--ast-global-color-5)","background-image":"","background-repeat":"repeat","background-position":"center center","background-size":"auto","background-attachment":"scroll","background-type":"","background-media":"","overlay-type":"","overlay-color":"","overlay-opacity":"","overlay-gradient":""},"tablet":{"background-color":"var(--ast-global-color-5)","background-image":"","background-repeat":"repeat","background-position":"center center","background-size":"auto","background-attachment":"scroll","background-type":"","background-media":"","overlay-type":"","overlay-color":"","overlay-opacity":"","overlay-gradient":""},"mobile":{"background-color":"var(--ast-global-color-5)","background-image":"","background-repeat":"repeat","background-position":"center center","background-size":"auto","background-attachment":"scroll","background-type":"","background-media":"","overlay-type":"","overlay-color":"","overlay-opacity":"","overlay-gradient":""}},"footnotes":""},"categories":[50],"tags":[73],"class_list":["post-2096","post","type-post","status-publish","format-standard","has-post-thumbnail","hentry","category-office-pod-resources","tag-office-pod"],"_links":{"self":[{"href":"https:\/\/bhergonomic.com\/fr\/wp-json\/wp\/v2\/posts\/2096","targetHints":{"allow":["GET"]}}],"collection":[{"href":"https:\/\/bhergonomic.com\/fr\/wp-json\/wp\/v2\/posts"}],"about":[{"href":"https:\/\/bhergonomic.com\/fr\/wp-json\/wp\/v2\/types\/post"}],"author":[{"embeddable":true,"href":"https:\/\/bhergonomic.com\/fr\/wp-json\/wp\/v2\/users\/1"}],"replies":[{"embeddable":true,"href":"https:\/\/bhergonomic.com\/fr\/wp-json\/wp\/v2\/comments?post=2096"}],"version-history":[{"count":14,"href":"https:\/\/bhergonomic.com\/fr\/wp-json\/wp\/v2\/posts\/2096\/revisions"}],"predecessor-version":[{"id":8932,"href":"https:\/\/bhergonomic.com\/fr\/wp-json\/wp\/v2\/posts\/2096\/revisions\/8932"}],"wp:featuredmedia":[{"embeddable":true,"href":"https:\/\/bhergonomic.com\/fr\/wp-json\/wp\/v2\/media\/6478"}],"wp:attachment":[{"href":"https:\/\/bhergonomic.com\/fr\/wp-json\/wp\/v2\/media?parent=2096"}],"wp:term":[{"taxonomy":"category","embeddable":true,"href":"https:\/\/bhergonomic.com\/fr\/wp-json\/wp\/v2\/categories?post=2096"},{"taxonomy":"post_tag","embeddable":true,"href":"https:\/\/bhergonomic.com\/fr\/wp-json\/wp\/v2\/tags?post=2096"}],"curies":[{"name":"wp","href":"https:\/\/api.w.org\/{rel}","templated":true}]}}