{"id":6359,"date":"2026-01-23T05:57:58","date_gmt":"2026-01-23T05:57:58","guid":{"rendered":"https:\/\/bhergonomic.com\/?p=6359"},"modified":"2026-08-25T10:06:14","modified_gmt":"2026-08-25T10:06:14","slug":"cabine-telephonique-de-bureau-personnalisee","status":"publish","type":"post","link":"https:\/\/bhergonomic.com\/fr\/custom-office-phone-booth\/","title":{"rendered":"Cabine t\u00e9l\u00e9phonique sur mesure : options, quantit\u00e9 minimale de commande, processus de validation et liste de contr\u00f4le pour le devis"},"content":{"rendered":"<h2 class=\"wp-block-heading\">R\u00e9ponse rapide<\/h2>\n\n\n\n<p class=\"wp-block-paragraph\">Une cabine t\u00e9l\u00e9phonique sur mesure peut \u00eatre personnalis\u00e9e avec une couleur ext\u00e9rieure RAL non standard, des couleurs int\u00e9rieures en PET ou en tissu assorties, du verre transparent, d\u00e9poli ou \u00ab smart glass \u00bb, des logos autoris\u00e9s, des dimensions adapt\u00e9es, des interfaces d'alimentation et de donn\u00e9es sp\u00e9cifiques au projet, un emballage sur mesure, des manuels personnalis\u00e9s et une pr\u00e9sentation en marque blanche. B&amp;H Ergonomics accepte les demandes de personnalisation \u00e0 partir d'une seule unit\u00e9. Une commande d\u2019une seule unit\u00e9 avec une couleur RAL personnalis\u00e9e entra\u00eene des frais d\u2019approvisionnement en poudre de 500 USD ; ces frais sont offerts pour les commandes de cinq unit\u00e9s ou plus. Les dimensions et les d\u00e9tails d\u2019agencement doivent \u00eatre valid\u00e9s \u00e0 l\u2019aide de plans CAO avant la production, et l\u2019apposition d\u2019une marque tierce n\u00e9cessite une autorisation \u00e9crite.<\/p>\n\n\n\n<p class=\"wp-block-paragraph\">Derni\u00e8re mise \u00e0 jour : 13 juillet 2026 | Auteur : Richard | Temps de lecture estim\u00e9 : 10 minutes<\/p>\n\n\n\n<figure class=\"wp-block-image aligncenter size-large\"><img fetchpriority=\"high\" decoding=\"async\" width=\"1024\" height=\"683\" src=\"https:\/\/bhergonomic.com\/wp-content\/uploads\/2026\/01\/custom-phone-booth-1024x683.png\" alt=\"cabine t\u00e9l\u00e9phonique sur mesure\" class=\"wp-image-8467\" srcset=\"https:\/\/bhergonomic.com\/wp-content\/uploads\/2026\/01\/custom-phone-booth-1024x683.png 1024w, https:\/\/bhergonomic.com\/wp-content\/uploads\/2026\/01\/custom-phone-booth-300x200.png 300w, https:\/\/bhergonomic.com\/wp-content\/uploads\/2026\/01\/custom-phone-booth-768x512.png 768w, https:\/\/bhergonomic.com\/wp-content\/uploads\/2026\/01\/custom-phone-booth-18x12.png 18w, https:\/\/bhergonomic.com\/wp-content\/uploads\/2026\/01\/custom-phone-booth-600x400.png 600w, https:\/\/bhergonomic.com\/wp-content\/uploads\/2026\/01\/custom-phone-booth.png 1536w\" sizes=\"(max-width: 1024px) 100vw, 1024px\" \/><\/figure>\n\n\n\n<h2 class=\"wp-block-heading\">Qu'est-ce qu'une cabine t\u00e9l\u00e9phonique sur mesure ?<\/h2>\n\n\n\n<p class=\"wp-block-paragraph\">Une cabine t\u00e9l\u00e9phonique sur mesure est une cabine de bureau individuelle dont les finitions, les interfaces, les dimensions ou la pr\u00e9sentation de la marque diff\u00e8rent des sp\u00e9cifications standard du produit, dans le cadre d'un projet pr\u00e9cis.<\/p>\n\n\n\n<p class=\"wp-block-paragraph\">Le mot <em>personnalis\u00e9<\/em> peuvent correspondre \u00e0 des niveaux d'intervention tr\u00e8s diff\u00e9rents. Changer la couleur ext\u00e9rieure n'est pas le m\u00eame projet que d'ajuster les dimensions d'une cabine, de d\u00e9finir des interfaces \u00e9lectriques adapt\u00e9es \u00e0 une r\u00e9gion donn\u00e9e ou de pr\u00e9parer un produit en marque blanche pour un concessionnaire. Les acheteurs obtiennent des devis plus clairs lorsqu'ils distinguent les choix esth\u00e9tiques des modifications n\u00e9cessitant une expertise technique.<\/p>\n\n\n\n<p class=\"wp-block-paragraph\">En g\u00e9n\u00e9ral, je classe la personnalisation en trois niveaux :<\/p>\n\n\n\n<figure class=\"wp-block-table\"><table class=\"has-fixed-layout\"><thead><tr><th>Niveau<\/th><th>Port\u00e9e type<\/th><th>R\u00e9vision n\u00e9cessaire<\/th><\/tr><\/thead><tbody><tr><td>Terminer la personnalisation<\/td><td>Couleur RAL pour l'ext\u00e9rieur, couleur PET ou tissu pour l'int\u00e9rieur, choix du verre<\/td><td>Confirmation de la couleur et du mat\u00e9riau<\/td><\/tr><tr><td>Personnalisation du projet<\/td><td>Dimensions, puissance, interfaces de donn\u00e9es, disposition dans l'espace<\/td><td>Examen technique et validation CAO<\/td><\/tr><tr><td>Personnalisation de la marque ou du canal<\/td><td>Logo, emballages, manuels et pr\u00e9sentation en marque blanche agr\u00e9\u00e9s<\/td><td>Autorisation relative \u00e0 la marque et validation des visuels<\/td><\/tr><\/tbody><\/table><\/figure>\n\n\n\n<p class=\"wp-block-paragraph\">Cette distinction est importante car chaque niveau a une incidence sur les informations dont B&amp;H Ergonomics a besoin avant de pouvoir confirmer la faisabilit\u00e9 et le prix.<\/p>\n\n\n\n<h2 class=\"wp-block-heading\">Quels sont les \u00e9l\u00e9ments personnalisables d'une cabine t\u00e9l\u00e9phonique de bureau ?<\/h2>\n\n\n\n<p class=\"wp-block-paragraph\">La question pertinente n'est pas simplement : \u201c Ce stand peut-il \u00eatre personnalis\u00e9 ? \u201d, mais plut\u00f4t : \u201c Quels \u00e9l\u00e9ments peuvent \u00eatre modifi\u00e9s compte tenu de la quantit\u00e9, du site et du processus d'autorisation ? \u201d<\/p>\n\n\n\n<figure class=\"wp-block-table\"><table class=\"has-fixed-layout\"><thead><tr><th>Zone de personnalisation<\/th><th>Orientations disponibles<\/th><th>Ce que l'acheteur doit fournir<\/th><th>Point d'approbation<\/th><\/tr><\/thead><tbody><tr><td>Finition ext\u00e9rieure<\/td><td>Couleur RAL personnalis\u00e9e<\/td><td>Code de couleur RAL exact<\/td><td>Confirmation \u00e9crite de la couleur<\/td><\/tr><tr><td>Finitions int\u00e9rieures<\/td><td>Couleur du PET ou couleur du tissu<\/td><td>Couleur choisie ou r\u00e9f\u00e9rence valid\u00e9e<\/td><td>Confirmation du mat\u00e9riau et de la couleur<\/td><\/tr><tr><td>Verre<\/td><td>Verre transparent, d\u00e9poli ou \u00ab smart \u00bb<\/td><td>Exigence en mati\u00e8re d'intimit\u00e9 visuelle<\/td><td>Homologation de la configuration des vitrages<\/td><\/tr><tr><td>Logo et graphisme<\/td><td>Logo d'entreprise ou \u00e9l\u00e9ments graphiques de marque autoris\u00e9s<\/td><td>Maquettes pr\u00eates \u00e0 l'impression et justificatif d'autorisation<\/td><td>Validation des illustrations<\/td><\/tr><tr><td>Dimensions<\/td><td>Modifications dimensionnelles sp\u00e9cifiques au projet<\/td><td>Dimensions du site, restrictions et d\u00e9gagements requis<\/td><td>Validation des dessins CAO<\/td><\/tr><tr><td>Puissance et donn\u00e9es<\/td><td>Interfaces d'alimentation et de donn\u00e9es sp\u00e9cifiques au projet<\/td><td>Exigences relatives au march\u00e9 cible et \u00e0 l'interface<\/td><td>Confirmation technique<\/td><\/tr><tr><td>Emballage<\/td><td>Conditionnement sp\u00e9cifique \u00e0 un projet ou \u00e0 une cha\u00eene<\/td><td>Exigences en mati\u00e8re de marquage et de manutention<\/td><td>Validation des visuels d'emballage<\/td><\/tr><tr><td>Manuels<\/td><td>Instructions personnalis\u00e9es ou pr\u00e9sentation de la marque<\/td><td>Informations obligatoires sur la marque et les documents<\/td><td>Validation de documents<\/td><\/tr><tr><td>Marque blanche<\/td><td>Pr\u00e9sentation sous marque de distributeur autoris\u00e9e<\/td><td>Dossiers relatifs \u00e0 la marque et autorisation \u00e9crite<\/td><td>Validation finale de la marque<\/td><\/tr><\/tbody><\/table><\/figure>\n\n\n\n<p class=\"wp-block-paragraph\">Toutes les demandes ne doivent pas n\u00e9cessairement \u00eatre consid\u00e9r\u00e9es comme des modifications esth\u00e9tiques. Une interface d'alimentation diff\u00e9rente a une incidence sur les sp\u00e9cifications techniques. Un stand plus court, plus large ou modifi\u00e9 d'une autre mani\u00e8re a une incidence sur le plan. Le verre intelligent a une incidence sur la configuration choisie. Ces \u00e9l\u00e9ments doivent \u00eatre examin\u00e9s avant d'\u00eatre int\u00e9gr\u00e9s \u00e0 une commande.<\/p>\n\n\n\n<h2 class=\"wp-block-heading\">Comment fonctionnent les quantit\u00e9s minimales de commande (MOQ) et les frais li\u00e9s aux couleurs RAL pour les cabines t\u00e9l\u00e9phoniques sur mesure ?<\/h2>\n\n\n\n<p class=\"wp-block-paragraph\">B&amp;H Ergonomics peut personnaliser une cabine t\u00e9l\u00e9phonique \u00e0 partir d'une seule unit\u00e9. La r\u00e8gle relative \u00e0 la quantit\u00e9 pour une couleur ext\u00e9rieure RAL personnalis\u00e9e est simple :<\/p>\n\n\n\n<figure class=\"wp-block-table\"><table class=\"has-fixed-layout\"><thead><tr><th>Quantit\u00e9 command\u00e9e<\/th><th>Politique relative aux couleurs RAL personnalis\u00e9es<\/th><\/tr><\/thead><tbody><tr><td>1 unit\u00e9<\/td><td>Des frais d'approvisionnement en poudre de 500 USD s'appliquent<\/td><\/tr><tr><td>2 \u00e0 4 unit\u00e9s<\/td><td>V\u00e9rifiez le tarif des couleurs RAL sp\u00e9cifique au projet dans le devis<\/td><\/tr><tr><td>5 unit\u00e9s ou plus<\/td><td>Les frais li\u00e9s aux couleurs RAL personnalis\u00e9es sont offerts<\/td><\/tr><\/tbody><\/table><\/figure>\n\n\n\n<p class=\"wp-block-paragraph\">La gratuit\u00e9 s'applique aux frais de personnalisation des couleurs RAL. Cela ne signifie pas pour autant que toutes les autres modifications sont gratuites. Le verre intelligent, les modifications dimensionnelles, les exigences particuli\u00e8res en mati\u00e8re d'alimentation ou de donn\u00e9es, les emballages personnalis\u00e9s, les manuels d'utilisation et les prestations en marque blanche n\u00e9cessitent toujours un examen et un devis sp\u00e9cifiques au projet.<\/p>\n\n\n\n<p class=\"wp-block-paragraph\">Les acheteurs doivent \u00e9galement indiquer le code RAL exact plut\u00f4t que de demander une couleur \u201c proche \u201d de celle d'une image \u00e0 l'\u00e9cran, d'une brochure imprim\u00e9e ou d'une photo prise dans les locaux. Le code approuv\u00e9 fournit \u00e0 l'\u00e9quipe de production une r\u00e9f\u00e9rence pr\u00e9cise et r\u00e9duit les ambigu\u00eft\u00e9s \u00e9vitables lors de la confirmation.<\/p>\n\n\n\n<h2 class=\"wp-block-heading\">Quelles informations faut-il fournir pour obtenir un devis personnalis\u00e9 pour une cabine t\u00e9l\u00e9phonique ?<\/h2>\n\n\n\n<p class=\"wp-block-paragraph\">Un cahier des charges succinct mais complet est plus utile qu'une demande d\u00e9taill\u00e9e qui ne tient pas compte des contraintes techniques. Veuillez pr\u00e9parer les informations suivantes avant de demander un devis.<\/p>\n\n\n\n<h3 class=\"wp-block-heading\">Principes fondamentaux du projet<\/h3>\n\n\n\n<ul class=\"wp-block-list\">\n<li>Quantit\u00e9 requise<\/li>\n\n\n\n<li>Pays de destination et lieu de livraison<\/li>\n\n\n\n<li>Mod\u00e8le de stand pr\u00e9f\u00e9r\u00e9, s'il a d\u00e9j\u00e0 \u00e9t\u00e9 s\u00e9lectionn\u00e9<\/li>\n\n\n\n<li>Utilisation pr\u00e9vue, telle que les appels priv\u00e9s, les appels vid\u00e9o ou les br\u00e8ves conversations confidentielles<\/li>\n\n\n\n<li>Calendrier du projet requis pour l'\u00e9tude de faisabilit\u00e9<\/li>\n<\/ul>\n\n\n\n<h3 class=\"wp-block-heading\">Exigences relatives aux finitions et au verre<\/h3>\n\n\n\n<ul class=\"wp-block-list\">\n<li>Code RAL exact de la couleur ext\u00e9rieure<\/li>\n\n\n\n<li>Orientation des couleurs de l'int\u00e9rieur (PET ou tissu)<\/li>\n\n\n\n<li>Choix entre verre transparent, d\u00e9poli ou \u00ab intelligent \u00bb<\/li>\n\n\n\n<li>Toute r\u00e9f\u00e9rence visuelle approuv\u00e9e permettant de clarifier le r\u00e9sultat escompt\u00e9<\/li>\n<\/ul>\n\n\n\n<h3 class=\"wp-block-heading\">Exigences techniques et d'espace<\/h3>\n\n\n\n<ul class=\"wp-block-list\">\n<li>Largeur, profondeur et hauteur sous plafond disponibles<\/li>\n\n\n\n<li>Sens d'ouverture des portes et contraintes de circulation<\/li>\n\n\n\n<li>Toute modification dimensionnelle demand\u00e9e<\/li>\n\n\n\n<li>Interfaces d'alimentation et de donn\u00e9es requises<\/li>\n\n\n\n<li>Emplacement des prises \u00e9lectriques et contraintes li\u00e9es au cheminement des c\u00e2bles dans l'espace d\u00e9finitif<\/li>\n<\/ul>\n\n\n\n<h3 class=\"wp-block-heading\">Exigences relatives \u00e0 la marque et au canal de distribution<\/h3>\n\n\n\n<ul class=\"wp-block-list\">\n<li>Fichier graphique du logo dans un format pr\u00eat \u00e0 l'impression<\/li>\n\n\n\n<li>Autorisation \u00e9crite pour toute marque ou tout logo tiers<\/li>\n\n\n\n<li>Exigences relatives au \u00ab white label \u00bb<\/li>\n\n\n\n<li>Exigences relatives \u00e0 l'emballage et au manuel d'utilisation<\/li>\n\n\n\n<li>Langues requises ou pr\u00e9sentation de la marque pour les documents du projet<\/li>\n<\/ul>\n\n\n\n<p class=\"wp-block-paragraph\">Si un \u00e9l\u00e9ment demand\u00e9 n'a pas encore fait l'objet d'une d\u00e9cision, indiquez-le comme \u00ab en attente \u00bb plut\u00f4t que de faire une supposition. Cela permet \u00e0 B&amp;H Ergonomics d'identifier les d\u00e9cisions en suspens avant que le devis ne soit finalis\u00e9.<\/p>\n\n\n\n<h2 class=\"wp-block-heading\">Comment fonctionne le processus d'approbation personnalis\u00e9 ?<\/h2>\n\n\n\n<p class=\"wp-block-paragraph\">Un projet sur mesure concret devrait suivre des \u00e9tapes de r\u00e9vision bien d\u00e9finies plut\u00f4t que de se limiter \u00e0 des descriptions informelles par e-mail.<\/p>\n\n\n\n<ol class=\"wp-block-list\">\n<li><strong>Envoyez le cahier des charges de personnalisation.<\/strong> L'acheteur fournit les informations suivantes : quantit\u00e9, destination, code RAL, type de finition int\u00e9rieure, choix du vitrage, contraintes d'espace, besoins en alimentation \u00e9lectrique et en transmission de donn\u00e9es, ainsi que les fichiers relatifs \u00e0 la marque, le cas \u00e9ch\u00e9ant.<\/li>\n\n\n\n<li><strong>\u00c9valuer la faisabilit\u00e9.<\/strong> B&amp;H Ergonomics v\u00e9rifie si la finition, l'interface, les dimensions et le p\u00e9rim\u00e8tre de personnalisation demand\u00e9s peuvent \u00eatre r\u00e9alis\u00e9s dans le cadre du projet.<\/li>\n\n\n\n<li><strong>Pr\u00e9parez ou mettez \u00e0 jour le dessin CAO.<\/strong> Les exigences en mati\u00e8re de dimensions et d'agencement sont transpos\u00e9es dans un plan qui peut \u00eatre v\u00e9rifi\u00e9 sur place.<\/li>\n\n\n\n<li><strong>Veuillez confirmer le cahier des charges par \u00e9crit.<\/strong> L'acheteur v\u00e9rifie les cotes CAO, les finitions, les interfaces, le verre, l'emplacement du logo, l'emballage et les exigences relatives au manuel qui s'appliquent \u00e0 la commande.<\/li>\n\n\n\n<li><strong>Valider le cahier des charges approuv\u00e9 pour la production.<\/strong> La production doit respecter le cahier des charges valid\u00e9 du projet, et non pas une discussion ant\u00e9rieure ou une image de r\u00e9f\u00e9rence.<\/li>\n<\/ol>\n\n\n\n<p class=\"wp-block-paragraph\">Le d\u00e9lai de livraison d\u00e9pend de l'\u00e9tendue de la personnalisation approuv\u00e9e et de l'examen de la production. Un changement de couleur, une modification des dimensions et un emballage en marque blanche ne constituent pas des projets \u00e9quivalents ; B&amp;H Ergonomics doit donc confirmer les d\u00e9lais dans le devis plut\u00f4t que de se fier \u00e0 une indication g\u00e9n\u00e9rique concernant le d\u00e9lai de livraison pour les produits personnalis\u00e9s.<\/p>\n\n\n\n<h2 class=\"wp-block-heading\">Les deux aspects de la personnalisation que les acheteurs n\u00e9gligent le plus souvent<\/h2>\n\n\n\n<p class=\"wp-block-paragraph\">Dans le cadre des discussions relatives au projet B&amp;H Ergonomics, les demandes sp\u00e9cifiques portent g\u00e9n\u00e9ralement sur l'alimentation \u00e9lectrique et l'agencement de l'espace. Ces deux aspects doivent \u00eatre r\u00e9gl\u00e9s avant que le stand n'entre en phase de production.<\/p>\n\n\n\n<h3 class=\"wp-block-heading\">Exigences en mati\u00e8re d'alimentation et de donn\u00e9es<\/h3>\n\n\n\n<p class=\"wp-block-paragraph\">N'attendez pas le moment de l'installation pour d\u00e9cider comment l'utilisateur alimentera un ordinateur portable, un t\u00e9l\u00e9phone, un \u00e9cran ou tout autre \u00e9quipement de travail. Le march\u00e9 cible ainsi que les interfaces d'alimentation et de donn\u00e9es requises doivent \u00eatre pr\u00e9cis\u00e9s dans le cahier des charges personnalis\u00e9.<\/p>\n\n\n\n<p class=\"wp-block-paragraph\">L'acheteur doit v\u00e9rifier :<\/p>\n\n\n\n<ul class=\"wp-block-list\">\n<li>Le pays ou le march\u00e9 o\u00f9 le stand sera install\u00e9<\/li>\n\n\n\n<li>L'interface d'alimentation requise<\/li>\n\n\n\n<li>L'interface de donn\u00e9es requise<\/li>\n\n\n\n<li>Le mat\u00e9riel pr\u00e9vu \u00e0 l'int\u00e9rieur du stand<\/li>\n\n\n\n<li>L'alimentation \u00e9lectrique et le cheminement des c\u00e2bles \u00e0 l'emplacement d\u00e9finitif<\/li>\n<\/ul>\n\n\n\n<p class=\"wp-block-paragraph\">Cela permet d'\u00e9viter qu'une cabine, bien que visuellement conforme, ne soit livr\u00e9e avec une interface qui ne corresponde pas au plan de l'atelier.<\/p>\n\n\n\n<h3 class=\"wp-block-heading\">Espace et agencement<\/h3>\n\n\n\n<p class=\"wp-block-paragraph\">Les dimensions nominales du stand ne constituent qu'un aspect de l'am\u00e9nagement. Les acheteurs doivent \u00e9galement v\u00e9rifier le parcours de livraison, la hauteur sous plafond, l'espace de circulation final, l'ouverture des portes, le mobilier \u00e0 proximit\u00e9 et l'acc\u00e8s \u00e0 l'\u00e9lectricit\u00e9.<\/p>\n\n\n\n<p class=\"wp-block-paragraph\">Si les dimensions du stand doivent \u00eatre modifi\u00e9es, veuillez nous communiquer d\u00e8s que possible les contraintes li\u00e9es au site et valider le plan CAO correspondant. Le guide B&amp;H Ergonomics sur <a href=\"https:\/\/bhergonomic.com\/fr\/conception-dune-cabine-telephonique-de-bureau\/\">Conception et am\u00e9nagement d'une cabine t\u00e9l\u00e9phonique de bureau<\/a> aborde les questions plus g\u00e9n\u00e9rales relatives \u00e0 l'emplacement, \u00e0 la circulation, \u00e0 la finition et \u00e0 l'ajustement qui doivent \u00eatre examin\u00e9es dans le cadre de ce module personnalis\u00e9.<\/p>\n\n\n\n<h2 class=\"wp-block-heading\">Quand faut-il opter pour une solution standard, sur mesure ou en marque blanche ?<\/h2>\n\n\n\n<p class=\"wp-block-paragraph\">La personnalisation est utile lorsqu'elle r\u00e9pond \u00e0 une exigence concr\u00e8te li\u00e9e au cahier des charges ou au canal de distribution. Elle ne constitue pas syst\u00e9matiquement le meilleur choix pour tous les projets.<\/p>\n\n\n\n<figure class=\"wp-block-table\"><table class=\"has-fixed-layout\"><thead><tr><th>Situation de l'acheteur<\/th><th>Itin\u00e9raire recommand\u00e9<\/th><th>Motif<\/th><\/tr><\/thead><tbody><tr><td>Les finitions et interfaces standard r\u00e9pondent aux exigences<\/td><td>Configuration standard<\/td><td>Il y a moins de d\u00e9cisions sp\u00e9cifiques \u00e0 chaque projet \u00e0 prendre<\/td><\/tr><tr><td>La couleur de l'entreprise ou la palette de couleurs de l'int\u00e9rieur a son importance<\/td><td>Terminer la personnalisation<\/td><td>Permet d'harmoniser la cabine avec l'am\u00e9nagement du lieu de travail<\/td><\/tr><tr><td>Les dimensions du site ou les interfaces d'alimentation diff\u00e8rent des sp\u00e9cifications standard<\/td><td>Personnalisation valid\u00e9e par les services d'ing\u00e9nierie<\/td><td>Une validation technique et une validation CAO sont requises<\/td><\/tr><tr><td>Le concessionnaire a besoin d'une pr\u00e9sentation officielle de la marque<\/td><td>Programme en marque blanche<\/td><td>L'emballage, les manuels et l'identit\u00e9 visuelle peuvent \u00eatre examin\u00e9s conjointement<\/td><\/tr><tr><td>L'acheteur n'est pas en mesure de justifier qu'il dispose de l'autorisation d'utiliser le logo d'un tiers<\/td><td>N'utilisez pas ce logo<\/td><td>Une autorisation est requise avant la mise en production<\/td><\/tr><tr><td>L'acheteur souhaite qu'un produit soit identique \u00e0 celui d'une autre marque<\/td><td>Repenser le cahier des charges<\/td><td>\u00c9laborez plut\u00f4t une configuration B&amp;H ayant fait l'objet d'une expertise ind\u00e9pendante<\/td><\/tr><\/tbody><\/table><\/figure>\n\n\n\n<p class=\"wp-block-paragraph\">Choisissez le niveau de personnalisation le plus restreint permettant de mener \u00e0 bien le projet. Cela permet de cibler le processus de validation et facilite la comparaison entre le p\u00e9rim\u00e8tre de personnalisation et le produit standard.<\/p>\n\n\n\n<h2 class=\"wp-block-heading\">Quelles sont les r\u00e8gles relatives \u00e0 l'autorisation des marques ?<\/h2>\n\n\n\n<p class=\"wp-block-paragraph\">B&amp;H Ergonomics exige une autorisation \u00e9crite avant d'apposer le logo d'un tiers ou de r\u00e9aliser un stand sous l'identit\u00e9 visuelle d'une autre entreprise. Le simple fait de disposer d'un fichier contenant un logo ne prouve pas que l'acheteur dispose du droit d'utiliser cette identit\u00e9 visuelle.<\/p>\n\n\n\n<p class=\"wp-block-paragraph\">Pour les projets sous marque ou en marque blanche, l'acheteur doit fournir :<\/p>\n\n\n\n<ul class=\"wp-block-list\">\n<li>Le visuel du logo valid\u00e9<\/li>\n\n\n\n<li>La d\u00e9nomination commerciale officielle devant figurer sur le produit ou les documents<\/li>\n\n\n\n<li>Autorisation \u00e9crite d'utiliser la marque et le logo<\/li>\n\n\n\n<li>Emplacement et traitement des couleurs du logo approuv\u00e9s<\/li>\n\n\n\n<li>Exigences relatives \u00e0 l'emballage et au manuel d'utilisation<\/li>\n<\/ul>\n\n\n\n<p class=\"wp-block-paragraph\">Sans cette autorisation, B&amp;H Ergonomics n'apposera pas le logo d'un tiers et ne fabriquera pas de produit destin\u00e9 \u00e0 repr\u00e9senter cette marque. Le projet pourra n\u00e9anmoins \u00eatre \u00e9valu\u00e9 en tant que produit B&amp;H d\u00e9fini de mani\u00e8re ind\u00e9pendante, sans l'utilisation non autoris\u00e9e de la marque.<\/p>\n\n\n\n<h2 class=\"wp-block-heading\">Liste de contr\u00f4le pour un devis de cabine t\u00e9l\u00e9phonique sur mesure<\/h2>\n\n\n\n<p class=\"wp-block-paragraph\">Avant d'envoyer votre demande, assurez-vous que le cahier des charges du projet comporte les \u00e9l\u00e9ments suivants :<\/p>\n\n\n\n<ul class=\"wp-block-list\">\n<li>Quantit\u00e9 et destination<\/li>\n\n\n\n<li>Mod\u00e8le privil\u00e9gi\u00e9 ou cas d'utilisation requis<\/li>\n\n\n\n<li>Code de couleur RAL exact pour l'ext\u00e9rieur<\/li>\n\n\n\n<li>Couleur de l'int\u00e9rieur : PET ou tissu<\/li>\n\n\n\n<li>Verre transparent, d\u00e9poli ou \u00ab smart \u00bb<\/li>\n\n\n\n<li>Dimensions du site et hauteur sous plafond<\/li>\n\n\n\n<li>Sens d'ouverture des portes et contraintes de circulation<\/li>\n\n\n\n<li>Modifications dimensionnelles demand\u00e9es<\/li>\n\n\n\n<li>Interfaces d'alimentation et de donn\u00e9es requises<\/li>\n\n\n\n<li>Maquette du logo et autorisation relative \u00e0 la marque<\/li>\n\n\n\n<li>Exigences relatives \u00e0 l'emballage et au manuel d'utilisation<\/li>\n\n\n\n<li>Exigences relatives \u00e0 la marque blanche, le cas \u00e9ch\u00e9ant<\/li>\n\n\n\n<li>Calendrier du projet requis pour l'\u00e9tude de faisabilit\u00e9<\/li>\n<\/ul>\n\n\n\n<p class=\"wp-block-paragraph\">Une fois le cahier des charges pr\u00eat, comparez les options disponibles <a href=\"https:\/\/bhergonomic.com\/fr\/product-category\/office-phone-booth\/\">cabine t\u00e9l\u00e9phonique de bureau<\/a> mod\u00e8les et demander un devis sp\u00e9cifique au projet aupr\u00e8s de B&amp;H Ergonomics. Le devis doit distinguer le produit standard, la politique de couleurs RAL personnalis\u00e9es, ainsi que les \u00e9ventuels travaux d'ing\u00e9nierie, de vitrage, d'interface, d'emballage, de manuel d'utilisation ou de marque blanche qui s'appliquent.<\/p>\n\n\n\n<h2 class=\"wp-block-heading\">FAQ<\/h2>\n\n\n<div id=\"rank-math-faq\" class=\"rank-math-block\">\n<div class=\"rank-math-list\">\n<div id=\"faq-question-1787652302189\" class=\"rank-math-list-item\">\n<h3 class=\"rank-math-question\">Puis-je commander une seule cabine t\u00e9l\u00e9phonique personnalis\u00e9e ?<\/h3>\n<div class=\"rank-math-answer\">\n\n<p>Oui. B&amp;H Ergonomics accepte les projets de cabines t\u00e9l\u00e9phoniques sur mesure \u00e0 partir d\u2019une seule unit\u00e9. Une commande d\u2019une seule unit\u00e9 avec une couleur ext\u00e9rieure RAL personnalis\u00e9e entra\u00eene des frais d\u2019approvisionnement en poudre de 500 USD. Les autres \u00e9l\u00e9ments personnalis\u00e9s font l\u2019objet d\u2019une \u00e9valuation et d\u2019un devis en fonction de l\u2019\u00e9tendue du projet.<\/p>\n\n<\/div>\n<\/div>\n<div id=\"faq-question-1787652309566\" class=\"rank-math-list-item\">\n<h3 class=\"rank-math-question\">Combien co\u00fbte une couleur RAL personnalis\u00e9e ?<\/h3>\n<div class=\"rank-math-answer\">\n\n<p>Pour une unit\u00e9 en couleur personnalis\u00e9e, les frais d'approvisionnement en poudre s'\u00e9l\u00e8vent \u00e0 500 USD. Pour les commandes de cinq unit\u00e9s ou plus, B&amp;H Ergonomics ne facture pas les frais li\u00e9s \u00e0 la couleur RAL personnalis\u00e9e. Les commandes de deux \u00e0 quatre unit\u00e9s doivent \u00eatre confirm\u00e9es dans le devis du projet. Cette politique concerne uniquement les frais li\u00e9s \u00e0 la couleur RAL et ne s'applique pas aux autres \u00e9l\u00e9ments de personnalisation.<\/p>\n\n<\/div>\n<\/div>\n<div id=\"faq-question-1787652320706\" class=\"rank-math-list-item\">\n<h3 class=\"rank-math-question\">Quelles informations faut-il fournir pour obtenir un devis personnalis\u00e9 pour une cabine t\u00e9l\u00e9phonique ?<\/h3>\n<div class=\"rank-math-answer\">\n\n<p>Veuillez indiquer la quantit\u00e9, la destination, le mod\u00e8le ou l'utilisation pr\u00e9vue, le code RAL exact, la finition int\u00e9rieure, le choix des vitrages, les contraintes li\u00e9es au site, les dimensions souhait\u00e9es, les interfaces d'alimentation et de donn\u00e9es, les exigences en mati\u00e8re d'emballage et de notice d'utilisation, ainsi que tout fichier relatif \u00e0 la marque ou \u00e0 la marque blanche autoris\u00e9. Toute modification dimensionnelle doit \u00eatre valid\u00e9e par le service CAO.<\/p>\n\n<\/div>\n<\/div>\n<div id=\"faq-question-1787652326431\" class=\"rank-math-list-item\">\n<h3 class=\"rank-math-question\">La soci\u00e9t\u00e9 B&amp;H peut-elle apposer le logo d'une autre entreprise sur une cabine t\u00e9l\u00e9phonique ?<\/h3>\n<div class=\"rank-math-answer\">\n\n<p>Uniquement sur autorisation \u00e9crite de la marque. B&amp;H Ergonomics exige la preuve que l\u2019acheteur est autoris\u00e9 \u00e0 utiliser le logo ou l\u2019identit\u00e9 visuelle d\u2019un tiers. Sans cette autorisation, B&amp;H n\u2019apposera pas le logo et ne r\u00e9alisera pas de stand destin\u00e9 \u00e0 repr\u00e9senter cette marque.<\/p>\n\n<\/div>\n<\/div>\n<\/div>\n<\/div>","protected":false},"excerpt":{"rendered":"<p>Quick Answer A custom phone booth can be specified with a non-standard RAL exterior color, coordinated interior PET or fabric colors, clear, frosted, or smart glass, authorized logos, adjusted dimensions, project-specific power and data interfaces, custom packaging, custom manuals, and white-label presentation. B&amp;H Ergonomics accepts customization from one unit. A one-unit order using a custom [&hellip;]<\/p>\n","protected":false},"author":1,"featured_media":8467,"comment_status":"closed","ping_status":"open","sticky":false,"template":"","format":"standard","meta":{"site-sidebar-layout":"default","site-content-layout":"","ast-site-content-layout":"default","site-content-style":"default","site-sidebar-style":"default","ast-global-header-display":"","ast-banner-title-visibility":"","ast-main-header-display":"","ast-hfb-above-header-display":"","ast-hfb-below-header-display":"","ast-hfb-mobile-header-display":"","site-post-title":"","ast-breadcrumbs-content":"","ast-featured-img":"disabled","footer-sml-layout":"","ast-disable-related-posts":"","theme-transparent-header-meta":"","adv-header-id-meta":"","stick-header-meta":"","header-above-stick-meta":"","header-main-stick-meta":"","header-below-stick-meta":"","astra-migrate-meta-layouts":"set","ast-page-background-enabled":"default","ast-page-background-meta":{"desktop":{"background-color":"","background-image":"","background-repeat":"repeat","background-position":"center center","background-size":"auto","background-attachment":"scroll","background-type":"","background-media":"","overlay-type":"","overlay-color":"","overlay-opacity":"","overlay-gradient":""},"tablet":{"background-color":"","background-image":"","background-repeat":"repeat","background-position":"center center","background-size":"auto","background-attachment":"scroll","background-type":"","background-media":"","overlay-type":"","overlay-color":"","overlay-opacity":"","overlay-gradient":""},"mobile":{"background-color":"","background-image":"","background-repeat":"repeat","background-position":"center center","background-size":"auto","background-attachment":"scroll","background-type":"","background-media":"","overlay-type":"","overlay-color":"","overlay-opacity":"","overlay-gradient":""}},"ast-content-background-meta":{"desktop":{"background-color":"var(--ast-global-color-5)","background-image":"","background-repeat":"repeat","background-position":"center center","background-size":"auto","background-attachment":"scroll","background-type":"","background-media":"","overlay-type":"","overlay-color":"","overlay-opacity":"","overlay-gradient":""},"tablet":{"background-color":"var(--ast-global-color-5)","background-image":"","background-repeat":"repeat","background-position":"center center","background-size":"auto","background-attachment":"scroll","background-type":"","background-media":"","overlay-type":"","overlay-color":"","overlay-opacity":"","overlay-gradient":""},"mobile":{"background-color":"var(--ast-global-color-5)","background-image":"","background-repeat":"repeat","background-position":"center center","background-size":"auto","background-attachment":"scroll","background-type":"","background-media":"","overlay-type":"","overlay-color":"","overlay-opacity":"","overlay-gradient":""}},"footnotes":""},"categories":[75],"tags":[51],"class_list":["post-6359","post","type-post","status-publish","format-standard","has-post-thumbnail","hentry","category-office-phone-booth-resources","tag-office-phone-booth"],"_links":{"self":[{"href":"https:\/\/bhergonomic.com\/fr\/wp-json\/wp\/v2\/posts\/6359","targetHints":{"allow":["GET"]}}],"collection":[{"href":"https:\/\/bhergonomic.com\/fr\/wp-json\/wp\/v2\/posts"}],"about":[{"href":"https:\/\/bhergonomic.com\/fr\/wp-json\/wp\/v2\/types\/post"}],"author":[{"embeddable":true,"href":"https:\/\/bhergonomic.com\/fr\/wp-json\/wp\/v2\/users\/1"}],"replies":[{"embeddable":true,"href":"https:\/\/bhergonomic.com\/fr\/wp-json\/wp\/v2\/comments?post=6359"}],"version-history":[{"count":17,"href":"https:\/\/bhergonomic.com\/fr\/wp-json\/wp\/v2\/posts\/6359\/revisions"}],"predecessor-version":[{"id":8994,"href":"https:\/\/bhergonomic.com\/fr\/wp-json\/wp\/v2\/posts\/6359\/revisions\/8994"}],"wp:featuredmedia":[{"embeddable":true,"href":"https:\/\/bhergonomic.com\/fr\/wp-json\/wp\/v2\/media\/8467"}],"wp:attachment":[{"href":"https:\/\/bhergonomic.com\/fr\/wp-json\/wp\/v2\/media?parent=6359"}],"wp:term":[{"taxonomy":"category","embeddable":true,"href":"https:\/\/bhergonomic.com\/fr\/wp-json\/wp\/v2\/categories?post=6359"},{"taxonomy":"post_tag","embeddable":true,"href":"https:\/\/bhergonomic.com\/fr\/wp-json\/wp\/v2\/tags?post=6359"}],"curies":[{"name":"wp","href":"https:\/\/api.w.org\/{rel}","templated":true}]}}